{"id":7576,"date":"2023-05-16T09:00:58","date_gmt":"2023-05-16T13:00:58","guid":{"rendered":"https:\/\/groupedevonian.com\/?p=7576"},"modified":"2026-04-29T18:23:11","modified_gmt":"2026-04-29T22:23:11","slug":"groupe-sante-devonian-annonce-la-presentation-des-resultats-defficacite-du-thykamine-en-dermatite-atopique-au-congres-mondial-de-dermatologie-et-fournit-une-mise-a-jour-du-programme","status":"publish","type":"post","link":"https:\/\/groupedevonian.com\/fr\/groupe-sante-devonian-annonce-la-presentation-des-resultats-defficacite-du-thykamine-en-dermatite-atopique-au-congres-mondial-de-dermatologie-et-fournit-une-mise-a-jour-du-programme\/","title":{"rendered":"Groupe Sant\u00e9 Devonian annonce la pr\u00e9sentation des r\u00e9sultats d\u2019efficacit\u00e9 du Thykamine\u2122 en Dermatite Atopique au Congr\u00e8s Mondial de Dermatologie et fournit une mise \u00e0 jour du programme de d\u00e9veloppement clinique du Thykamine\u2122"},"content":{"rendered":"<p>COMMUNIQU\u00c9 DE PRESSE<br \/>\n<em>Pour diffusion imm\u00e9diate<\/em><\/p>\n<h1>Groupe Sant\u00e9 Devonian annonce la pr\u00e9sentation des r\u00e9sultats d\u2019efficacit\u00e9 du Thykamine\u2122 en Dermatite Atopique au Congr\u00e8s Mondial de Dermatologie et fournit une mise \u00e0 jour du programme de d\u00e9veloppement clinique du Thykamine\u2122.<\/h1>\n<p><strong>QU\u00c9BEC, \u2013 le 16 Mai 2023<\/strong>\u2013 Groupe Sant\u00e9 Devonian inc. (\u201c<strong>Devonian<\/strong>\u201d ou la \u201c<strong>Soci\u00e9t\u00e9<\/strong>\u201d) (<strong>TSXv: GSD; OTCQB\u00a0: DVHGF<\/strong>), une soci\u00e9t\u00e9 biopharmaceutique botanique en stade avanc\u00e9 de d\u00e9veloppement ax\u00e9e sur l\u2019\u00e9laboration d\u2019un portefeuille unique de m\u00e9dicaments d\u2019ordonnance et de produits cosm\u00e9ceutiques d\u2019origine botanique, a annonc\u00e9 aujourd&rsquo;hui que les r\u00e9sultats de l\u2019\u00e9tude clinique de phase 2 en dermatite atopique (DA) l\u00e9g\u00e8re \u00e0 mod\u00e9r\u00e9e seront pr\u00e9sent\u00e9s lors du 25e Congr\u00e8s Mondial de Dermatologie (\u2018\u2018<strong>CMD<\/strong>\u2019\u2019) qui se tiendra \u00e0 Singapour du 3 au 8 juillet prochain. Les r\u00e9sultats de l&rsquo;\u00e9tude seront disponibles sur le site web de Devonian apr\u00e8s la pr\u00e9sentation de l&rsquo;affiche au CMD par le Dr Charles Lynde (professeur agr\u00e9g\u00e9, Universit\u00e9 de Toronto, D\u00e9partement de m\u00e9decine) \u00e0 l&rsquo;adresse https:\/\/www.groupedevonian.com\/investor-center\/corporate-presentation.\u00a0<strong>Affiche:<\/strong> Phase 2 trial of a Novel Botanical Topical Anti-Inflammatory Drug, in adults with Mild-to-Moderate Atopic Dermatitis.\u00a0 Cette affiche r\u00e9sume les r\u00e9sultats de l&rsquo;\u00e9tude clinique de phase 2 chez des patients adultes atteints de dermatite atopique l\u00e9g\u00e8re \u00e0 mod\u00e9r\u00e9e. Dans cette \u00e9tude, l&rsquo;efficacit\u00e9 de la cr\u00e8me Thykamine\u2122 \u00e9tait comparable \u00e0 celle d&rsquo;autres th\u00e9rapies topiques non st\u00e9ro\u00efdiennes approuv\u00e9es pour le traitement de la DA l\u00e9g\u00e8re \u00e0 mod\u00e9r\u00e9e, tout en d\u00e9montrant un profil de s\u00e9curit\u00e9 et de tol\u00e9rabilit\u00e9 favorable.\u00a0<strong>Mise \u00e0 jour du programme de d\u00e9veloppement clinique du Thykamine\u2122 <\/strong>\u00a0Devonian a \u00e9galement fourni une mise \u00e0 jour sur les activit\u00e9s de son programme de d\u00e9veloppement clinique du Thykamine\u2122 avant la r\u00e9union du CMD. Afin de soutenir le programme clinique du Thykamine\u2122, la Soci\u00e9t\u00e9 \u00e9tablit ses activit\u00e9s de fabrication de formulation au sein d\u2019une soci\u00e9t\u00e9 contractuelle de fabrication. Le processus de transfert de la fabrication et de sa validation devrait \u00eatre achev\u00e9 au cours des prochains mois. Devonian d\u00e9posera par la suite, en priorit\u00e9, un protocole de phase 2\/3 pour une population de patients p\u00e9diatriques atteints de dermatite atopique l\u00e9g\u00e8re \u00e0 mod\u00e9r\u00e9e, aupr\u00e8s des agences r\u00e9glementaires. Comme deuxi\u00e8me et troisi\u00e8me priorit\u00e9, la soci\u00e9t\u00e9 pr\u00e9voit d\u00e9poser un protocole d&rsquo;\u00e9tude clinique de phase 2 pour la radiodermite associ\u00e9e \u00e0 la radioth\u00e9rapie et une \u00e9tude clinique de phase 2 pour le syndrome main-pied associ\u00e9 \u00e0 la chimioth\u00e9rapie.\u00a0\u00ab Nous sommes ravis de constater le vaste potentiel de Thykamine\u2122 comme nouvelle option de traitement pour les patients p\u00e9diatriques atteints de dermatite atopique et d&rsquo;autres affections cutan\u00e9es inflammatoires \u00bb, a comment\u00e9 Monsieur Pierre Montanaro, pr\u00e9sident et chef de la direction de la Soci\u00e9t\u00e9. \u00ab Bien que nous nous concentrions sur la population de patients p\u00e9diatriques souffrant de dermatite atopique, il existe clairement des besoins m\u00e9dicaux non satisfaits pour les patients canc\u00e9reux atteints du syndrome main-pied associ\u00e9 \u00e0 la chimioth\u00e9rapie ainsi que pour les patients atteints de radiodermite associ\u00e9e \u00e0 la radioth\u00e9rapie<sup>1<\/sup>. Nous croyons que le Thykamine\u2122 pourrait \u00eatre un traitement efficace pour ces changements physiques de la peau associ\u00e9s aux traitements contre le cancer et ainsi aider \u00e0 am\u00e9liorer la qualit\u00e9 de vie des patients \u00bb, a ajout\u00e9 monsieur Montanaro.<\/p>\n<p><strong>Au sujet de Devonian<\/strong><\/p>\n<p>Groupe Sant\u00e9 Devonian Inc. est une soci\u00e9t\u00e9 biopharmaceutique botanique en stade avanc\u00e9 de d\u00e9veloppement qui emploie une strat\u00e9gie novatrice ciblant des besoins m\u00e9dicaux non combl\u00e9s. La principale strat\u00e9gie de Devonian est de d\u00e9velopper des m\u00e9dicaments d\u2019ordonnance d\u2019origine botanique pour le traitement des maladies inflammatoires auto-immunes incluant, mais sans s\u2019y limiter, la colite ulc\u00e9reuse et la dermatite atopique. Fond\u00e9 sur une assise de 15 ann\u00e9es de recherche, l\u2019objectif de Devonian est \u00e9galement appuy\u00e9 par les directives r\u00e9glementaires de la FDA, l\u2019agence am\u00e9ricaine des produits alimentaires et m\u00e9dicamenteux, favorisant un processus de d\u00e9veloppement de produits m\u00e9dicamenteux botaniques d\u2019ordonnance plus efficient que celui des m\u00e9dicaments d\u2019ordonnance classique.<\/p>\n<p>Devonian est \u00e9galement impliqu\u00e9e dans le d\u00e9veloppement de produits cosm\u00e9ceutiques de grande valeur en s\u2019appuyant sur la m\u00eame approche exclusive que celle utilis\u00e9e avec leurs offres pharmaceutiques.<\/p>\n<p>Devonian est cot\u00e9e \u00e0 la Bourse de croissance TSX (<strong>TSXv: GSD<\/strong>) ainsi que sur la bourse de croissance OTCQB (<strong>OTCQB : DVHGF<\/strong>).<\/p>\n<p>Pour plus de d\u00e9tails, visitez le <a href=\"http:\/\/www.groupedevonian.com\" target=\"_blank\" rel=\"noopener\">www.groupedevonian.com<\/a><\/p>\n<p><strong>R\u00e9f\u00e9rence<\/strong><\/p>\n<ol>\n<li>Pembroke M, Bradley J,and Nemeth LS, Breast Cancer Survivors Unmet Needs After Completion of Radiation Therapy Treatment. Oncol Nurs Forum. 2020 Jul 1;47(4):436-445.<\/li>\n<\/ol>\n<p><strong>\u00c9nonc\u00e9s prospectifs<\/strong><\/p>\n<p>Le pr\u00e9sent communiqu\u00e9 renferme des \u00e9nonc\u00e9s prospectifs sur les objectifs, les strat\u00e9gies et les activit\u00e9s de Devonian. Ces \u00e9nonc\u00e9s prospectifs sont assujettis \u00e0 certains risques et incertitudes. Ces \u00e9nonc\u00e9s sont de nature \u00ab\u2009prospective\u2009\u00bb puisqu\u2019ils sont fond\u00e9s sur nos attentes pr\u00e9sentes \u00e0 l\u2019\u00e9gard des march\u00e9s dans lesquels nous exer\u00e7ons nos activit\u00e9s et sur diverses estimations et hypoth\u00e8ses. Les \u00e9v\u00e9nements ou les r\u00e9sultats r\u00e9els sont susceptibles de diff\u00e9rer consid\u00e9rablement de ceux pr\u00e9vus dans le cadre des \u00e9nonc\u00e9s prospectifs si des risques connus ou inconnus affectent nos activit\u00e9s ou si nos estimations ou nos hypoth\u00e8ses s\u2019av\u00e8rent inexactes. Ces risques, estimations et hypoth\u00e8ses incluent, mais sans s\u2019y limiter, la capacit\u00e9 de Devonian d\u2019assurer le d\u00e9veloppement, la fabrication et la commercialisation de produits pharmaceutiques et dermo-cosm\u00e9tiques \u00e0 valeur ajout\u00e9e, la disponibilit\u00e9 de ressources financi\u00e8res pour mener \u00e0 bien des projets de recherche et d\u00e9veloppement, le succ\u00e8s et la dur\u00e9e d\u2019\u00e9tudes cliniques, la capacit\u00e9 de Devonian de se pr\u00e9valoir des occasions d\u2019affaires dans l\u2019industrie pharmaceutique et dermo-cosm\u00e9tique, les incertitudes li\u00e9es au processus de r\u00e9glementation et tout changement du contexte \u00e9conomique. Vous trouverez une analyse plus exhaustive des risques qui pourraient faire en sorte que les \u00e9v\u00e9nements ou r\u00e9sultats r\u00e9els diff\u00e8rent de nos attentes pr\u00e9sentes de fa\u00e7on importante dans le prospectus en date du 21 avril 2017, sous la rubrique \u00ab\u2009Facteurs de risque\u2009\u00bb. Par cons\u00e9quent, nous ne pouvons garantir la r\u00e9alisation des \u00e9nonc\u00e9s prospectifs. Par ailleurs, nous ne nous engageons aucunement \u00e0 mettre \u00e0 jour ces \u00e9nonc\u00e9s prospectifs, m\u00eame si de nouveaux renseignements devenaient disponibles, \u00e0 la suite d\u2019\u00e9v\u00e9nements futurs ou pour toute autre raison, \u00e0 moins d\u2019y \u00eatre tenus en vertu des lois et r\u00e8glements applicables aux valeurs mobili\u00e8res.<\/p>\n<p><em>La Bourse de croissance TSX et son fournisseur de services de r\u00e9glementation (au sens attribu\u00e9 \u00e0 ce terme dans les politiques de la Bourse de croissance TSX) n\u2019assument aucune responsabilit\u00e9 quant \u00e0 la pertinence ou \u00e0 l\u2019exactitude du pr\u00e9sent communiqu\u00e9.<\/em><\/p>\n<p><strong>Contact\u00a0: <\/strong><\/p>\n<p>Pierre J. Montanaro<\/p>\n<p>Pr\u00e9sident et chef de la direction<br \/>\nGroupe Sant\u00e9 Devonian inc.<br \/>\nT\u00e9l\u00e9phone : (514) 909-3788<br \/>\nCourriel :\u00a0<a href=\"mailto:pmontanaro@groupedevonian.com\" target=\"_blank\" rel=\"noopener\">pmontanaro@groupedevonian.com<\/a><\/p>\n","protected":false},"excerpt":{"rendered":"<p>COMMUNIQU\u00c9 DE PRESSE Pour diffusion imm\u00e9diate Groupe Sant\u00e9 Devonian annonce la pr\u00e9sentation des r\u00e9sultats d\u2019efficacit\u00e9 du Thykamine\u2122 en Dermatite Atopique au Congr\u00e8s Mondial de Dermatologie et fournit une mise \u00e0 jour du programme de d\u00e9veloppement clinique du Thykamine\u2122. QU\u00c9BEC, \u2013 le 16 Mai 2023\u2013 Groupe Sant\u00e9 Devonian inc. (\u201cDevonian\u201d ou la \u201cSoci\u00e9t\u00e9\u201d) (TSXv: GSD; OTCQB\u00a0: [&hellip;]<\/p>\n","protected":false},"author":5,"featured_media":0,"comment_status":"closed","ping_status":"open","sticky":false,"template":"","format":"standard","meta":{"_et_pb_use_builder":"","_et_pb_old_content":"","_et_gb_content_width":"","footnotes":""},"categories":[71,93,35],"tags":[],"class_list":["post-7576","post","type-post","status-publish","format-standard","hentry","category-2023-fr","category-archives","category-communiques-de-presse"],"yoast_head":"<!-- This site is optimized with the Yoast SEO plugin v27.5 - https:\/\/yoast.com\/product\/yoast-seo-wordpress\/ -->\n<title>Groupe Sant\u00e9 Devonian annonce la pr\u00e9sentation des r\u00e9sultats d\u2019efficacit\u00e9 du Thykamine\u2122 en Dermatite Atopique au Congr\u00e8s Mondial de Dermatologie et fournit une mise \u00e0 jour du programme de d\u00e9veloppement clinique du Thykamine\u2122 - DEVONIAN HEALTH GROUP INC.<\/title>\n<meta name=\"robots\" content=\"index, follow, max-snippet:-1, max-image-preview:large, max-video-preview:-1\" \/>\n<link rel=\"canonical\" href=\"https:\/\/groupedevonian.com\/fr\/groupe-sante-devonian-annonce-la-presentation-des-resultats-defficacite-du-thykamine-en-dermatite-atopique-au-congres-mondial-de-dermatologie-et-fournit-une-mise-a-jour-du-programme\/\" \/>\n<meta property=\"og:locale\" content=\"fr_FR\" \/>\n<meta property=\"og:type\" content=\"article\" \/>\n<meta property=\"og:title\" content=\"Groupe Sant\u00e9 Devonian annonce la pr\u00e9sentation des r\u00e9sultats d\u2019efficacit\u00e9 du Thykamine\u2122 en Dermatite Atopique au Congr\u00e8s Mondial de Dermatologie et fournit une mise \u00e0 jour du programme de d\u00e9veloppement clinique du Thykamine\u2122 - DEVONIAN HEALTH GROUP INC.\" \/>\n<meta property=\"og:description\" content=\"COMMUNIQU\u00c9 DE PRESSE Pour diffusion imm\u00e9diate Groupe Sant\u00e9 Devonian annonce la pr\u00e9sentation des r\u00e9sultats d\u2019efficacit\u00e9 du Thykamine\u2122 en Dermatite Atopique au Congr\u00e8s Mondial de Dermatologie et fournit une mise \u00e0 jour du programme de d\u00e9veloppement clinique du Thykamine\u2122. QU\u00c9BEC, \u2013 le 16 Mai 2023\u2013 Groupe Sant\u00e9 Devonian inc. (\u201cDevonian\u201d ou la \u201cSoci\u00e9t\u00e9\u201d) (TSXv: GSD; OTCQB\u00a0: [&hellip;]\" \/>\n<meta property=\"og:url\" content=\"https:\/\/groupedevonian.com\/fr\/groupe-sante-devonian-annonce-la-presentation-des-resultats-defficacite-du-thykamine-en-dermatite-atopique-au-congres-mondial-de-dermatologie-et-fournit-une-mise-a-jour-du-programme\/\" \/>\n<meta property=\"og:site_name\" content=\"DEVONIAN HEALTH GROUP INC.\" \/>\n<meta property=\"article:published_time\" content=\"2023-05-16T13:00:58+00:00\" \/>\n<meta property=\"article:modified_time\" content=\"2026-04-29T22:23:11+00:00\" \/>\n<meta name=\"author\" content=\"acxdev\" \/>\n<meta name=\"twitter:card\" content=\"summary_large_image\" \/>\n<meta name=\"twitter:label1\" content=\"\u00c9crit par\" \/>\n\t<meta name=\"twitter:data1\" content=\"acxdev\" \/>\n\t<meta name=\"twitter:label2\" content=\"Dur\u00e9e de lecture estim\u00e9e\" \/>\n\t<meta name=\"twitter:data2\" content=\"5 minutes\" \/>\n<script type=\"application\/ld+json\" class=\"yoast-schema-graph\">{\"@context\":\"https:\\\/\\\/schema.org\",\"@graph\":[{\"@type\":\"Article\",\"@id\":\"https:\\\/\\\/groupedevonian.com\\\/fr\\\/groupe-sante-devonian-annonce-la-presentation-des-resultats-defficacite-du-thykamine-en-dermatite-atopique-au-congres-mondial-de-dermatologie-et-fournit-une-mise-a-jour-du-programme\\\/#article\",\"isPartOf\":{\"@id\":\"https:\\\/\\\/groupedevonian.com\\\/fr\\\/groupe-sante-devonian-annonce-la-presentation-des-resultats-defficacite-du-thykamine-en-dermatite-atopique-au-congres-mondial-de-dermatologie-et-fournit-une-mise-a-jour-du-programme\\\/\"},\"author\":{\"name\":\"acxdev\",\"@id\":\"https:\\\/\\\/groupedevonian.com\\\/fr\\\/#\\\/schema\\\/person\\\/ff9b4cc2d46ac4fb34e4f4641825f159\"},\"headline\":\"Groupe Sant\u00e9 Devonian annonce la pr\u00e9sentation des r\u00e9sultats d\u2019efficacit\u00e9 du Thykamine\u2122 en Dermatite Atopique au Congr\u00e8s Mondial de Dermatologie et fournit une mise \u00e0 jour du programme de d\u00e9veloppement clinique du Thykamine\u2122\",\"datePublished\":\"2023-05-16T13:00:58+00:00\",\"dateModified\":\"2026-04-29T22:23:11+00:00\",\"mainEntityOfPage\":{\"@id\":\"https:\\\/\\\/groupedevonian.com\\\/fr\\\/groupe-sante-devonian-annonce-la-presentation-des-resultats-defficacite-du-thykamine-en-dermatite-atopique-au-congres-mondial-de-dermatologie-et-fournit-une-mise-a-jour-du-programme\\\/\"},\"wordCount\":1221,\"publisher\":{\"@id\":\"https:\\\/\\\/groupedevonian.com\\\/fr\\\/#organization\"},\"articleSection\":[\"2023\",\"Archives\",\"Communiqu\u00e9s de presse\"],\"inLanguage\":\"fr-FR\"},{\"@type\":\"WebPage\",\"@id\":\"https:\\\/\\\/groupedevonian.com\\\/fr\\\/groupe-sante-devonian-annonce-la-presentation-des-resultats-defficacite-du-thykamine-en-dermatite-atopique-au-congres-mondial-de-dermatologie-et-fournit-une-mise-a-jour-du-programme\\\/\",\"url\":\"https:\\\/\\\/groupedevonian.com\\\/fr\\\/groupe-sante-devonian-annonce-la-presentation-des-resultats-defficacite-du-thykamine-en-dermatite-atopique-au-congres-mondial-de-dermatologie-et-fournit-une-mise-a-jour-du-programme\\\/\",\"name\":\"Groupe Sant\u00e9 Devonian annonce la pr\u00e9sentation des r\u00e9sultats d\u2019efficacit\u00e9 du Thykamine\u2122 en Dermatite Atopique au Congr\u00e8s Mondial de Dermatologie et fournit une mise \u00e0 jour du programme de d\u00e9veloppement clinique du Thykamine\u2122 - DEVONIAN HEALTH GROUP INC.\",\"isPartOf\":{\"@id\":\"https:\\\/\\\/groupedevonian.com\\\/fr\\\/#website\"},\"datePublished\":\"2023-05-16T13:00:58+00:00\",\"dateModified\":\"2026-04-29T22:23:11+00:00\",\"breadcrumb\":{\"@id\":\"https:\\\/\\\/groupedevonian.com\\\/fr\\\/groupe-sante-devonian-annonce-la-presentation-des-resultats-defficacite-du-thykamine-en-dermatite-atopique-au-congres-mondial-de-dermatologie-et-fournit-une-mise-a-jour-du-programme\\\/#breadcrumb\"},\"inLanguage\":\"fr-FR\",\"potentialAction\":[{\"@type\":\"ReadAction\",\"target\":[\"https:\\\/\\\/groupedevonian.com\\\/fr\\\/groupe-sante-devonian-annonce-la-presentation-des-resultats-defficacite-du-thykamine-en-dermatite-atopique-au-congres-mondial-de-dermatologie-et-fournit-une-mise-a-jour-du-programme\\\/\"]}]},{\"@type\":\"BreadcrumbList\",\"@id\":\"https:\\\/\\\/groupedevonian.com\\\/fr\\\/groupe-sante-devonian-annonce-la-presentation-des-resultats-defficacite-du-thykamine-en-dermatite-atopique-au-congres-mondial-de-dermatologie-et-fournit-une-mise-a-jour-du-programme\\\/#breadcrumb\",\"itemListElement\":[{\"@type\":\"ListItem\",\"position\":1,\"name\":\"Home\",\"item\":\"https:\\\/\\\/groupedevonian.com\\\/fr\\\/\"},{\"@type\":\"ListItem\",\"position\":2,\"name\":\"Groupe Sant\u00e9 Devonian annonce la pr\u00e9sentation des r\u00e9sultats d\u2019efficacit\u00e9 du Thykamine\u2122 en Dermatite Atopique au Congr\u00e8s Mondial de Dermatologie et fournit une mise \u00e0 jour du programme de d\u00e9veloppement clinique du Thykamine\u2122\"}]},{\"@type\":\"WebSite\",\"@id\":\"https:\\\/\\\/groupedevonian.com\\\/fr\\\/#website\",\"url\":\"https:\\\/\\\/groupedevonian.com\\\/fr\\\/\",\"name\":\"DEVONIAN HEALTH GROUP INC.\",\"description\":\"Botanical pharmaceutical corporation\",\"publisher\":{\"@id\":\"https:\\\/\\\/groupedevonian.com\\\/fr\\\/#organization\"},\"potentialAction\":[{\"@type\":\"SearchAction\",\"target\":{\"@type\":\"EntryPoint\",\"urlTemplate\":\"https:\\\/\\\/groupedevonian.com\\\/fr\\\/?s={search_term_string}\"},\"query-input\":{\"@type\":\"PropertyValueSpecification\",\"valueRequired\":true,\"valueName\":\"search_term_string\"}}],\"inLanguage\":\"fr-FR\"},{\"@type\":\"Organization\",\"@id\":\"https:\\\/\\\/groupedevonian.com\\\/fr\\\/#organization\",\"name\":\"Groupe Sant\u00e9 Devonian inc.\",\"alternateName\":\"Groupe Sant\u00e9 Devonian inc.\",\"url\":\"https:\\\/\\\/groupedevonian.com\\\/fr\\\/\",\"logo\":{\"@type\":\"ImageObject\",\"inLanguage\":\"fr-FR\",\"@id\":\"https:\\\/\\\/groupedevonian.com\\\/fr\\\/#\\\/schema\\\/logo\\\/image\\\/\",\"url\":\"https:\\\/\\\/groupedevonian.com\\\/wp-content\\\/uploads\\\/2022\\\/05\\\/logo-devonian-2x.png\",\"contentUrl\":\"https:\\\/\\\/groupedevonian.com\\\/wp-content\\\/uploads\\\/2022\\\/05\\\/logo-devonian-2x.png\",\"width\":309,\"height\":183,\"caption\":\"Groupe Sant\u00e9 Devonian inc.\"},\"image\":{\"@id\":\"https:\\\/\\\/groupedevonian.com\\\/fr\\\/#\\\/schema\\\/logo\\\/image\\\/\"}},{\"@type\":\"Person\",\"@id\":\"https:\\\/\\\/groupedevonian.com\\\/fr\\\/#\\\/schema\\\/person\\\/ff9b4cc2d46ac4fb34e4f4641825f159\",\"name\":\"acxdev\",\"image\":{\"@type\":\"ImageObject\",\"inLanguage\":\"fr-FR\",\"@id\":\"https:\\\/\\\/secure.gravatar.com\\\/avatar\\\/c219016bab8405cb8b5caa8f18b852d553cf083471d4e9dd4a71c4d518cc3a1c?s=96&d=mm&r=g\",\"url\":\"https:\\\/\\\/secure.gravatar.com\\\/avatar\\\/c219016bab8405cb8b5caa8f18b852d553cf083471d4e9dd4a71c4d518cc3a1c?s=96&d=mm&r=g\",\"contentUrl\":\"https:\\\/\\\/secure.gravatar.com\\\/avatar\\\/c219016bab8405cb8b5caa8f18b852d553cf083471d4e9dd4a71c4d518cc3a1c?s=96&d=mm&r=g\",\"caption\":\"acxdev\"}}]}<\/script>\n<!-- \/ Yoast SEO plugin. -->","yoast_head_json":{"title":"Groupe Sant\u00e9 Devonian annonce la pr\u00e9sentation des r\u00e9sultats d\u2019efficacit\u00e9 du Thykamine\u2122 en Dermatite Atopique au Congr\u00e8s Mondial de Dermatologie et fournit une mise \u00e0 jour du programme de d\u00e9veloppement clinique du Thykamine\u2122 - DEVONIAN HEALTH GROUP INC.","robots":{"index":"index","follow":"follow","max-snippet":"max-snippet:-1","max-image-preview":"max-image-preview:large","max-video-preview":"max-video-preview:-1"},"canonical":"https:\/\/groupedevonian.com\/fr\/groupe-sante-devonian-annonce-la-presentation-des-resultats-defficacite-du-thykamine-en-dermatite-atopique-au-congres-mondial-de-dermatologie-et-fournit-une-mise-a-jour-du-programme\/","og_locale":"fr_FR","og_type":"article","og_title":"Groupe Sant\u00e9 Devonian annonce la pr\u00e9sentation des r\u00e9sultats d\u2019efficacit\u00e9 du Thykamine\u2122 en Dermatite Atopique au Congr\u00e8s Mondial de Dermatologie et fournit une mise \u00e0 jour du programme de d\u00e9veloppement clinique du Thykamine\u2122 - DEVONIAN HEALTH GROUP INC.","og_description":"COMMUNIQU\u00c9 DE PRESSE Pour diffusion imm\u00e9diate Groupe Sant\u00e9 Devonian annonce la pr\u00e9sentation des r\u00e9sultats d\u2019efficacit\u00e9 du Thykamine\u2122 en Dermatite Atopique au Congr\u00e8s Mondial de Dermatologie et fournit une mise \u00e0 jour du programme de d\u00e9veloppement clinique du Thykamine\u2122. QU\u00c9BEC, \u2013 le 16 Mai 2023\u2013 Groupe Sant\u00e9 Devonian inc. (\u201cDevonian\u201d ou la \u201cSoci\u00e9t\u00e9\u201d) (TSXv: GSD; OTCQB\u00a0: [&hellip;]","og_url":"https:\/\/groupedevonian.com\/fr\/groupe-sante-devonian-annonce-la-presentation-des-resultats-defficacite-du-thykamine-en-dermatite-atopique-au-congres-mondial-de-dermatologie-et-fournit-une-mise-a-jour-du-programme\/","og_site_name":"DEVONIAN HEALTH GROUP INC.","article_published_time":"2023-05-16T13:00:58+00:00","article_modified_time":"2026-04-29T22:23:11+00:00","author":"acxdev","twitter_card":"summary_large_image","twitter_misc":{"\u00c9crit par":"acxdev","Dur\u00e9e de lecture estim\u00e9e":"5 minutes"},"schema":{"@context":"https:\/\/schema.org","@graph":[{"@type":"Article","@id":"https:\/\/groupedevonian.com\/fr\/groupe-sante-devonian-annonce-la-presentation-des-resultats-defficacite-du-thykamine-en-dermatite-atopique-au-congres-mondial-de-dermatologie-et-fournit-une-mise-a-jour-du-programme\/#article","isPartOf":{"@id":"https:\/\/groupedevonian.com\/fr\/groupe-sante-devonian-annonce-la-presentation-des-resultats-defficacite-du-thykamine-en-dermatite-atopique-au-congres-mondial-de-dermatologie-et-fournit-une-mise-a-jour-du-programme\/"},"author":{"name":"acxdev","@id":"https:\/\/groupedevonian.com\/fr\/#\/schema\/person\/ff9b4cc2d46ac4fb34e4f4641825f159"},"headline":"Groupe Sant\u00e9 Devonian annonce la pr\u00e9sentation des r\u00e9sultats d\u2019efficacit\u00e9 du Thykamine\u2122 en Dermatite Atopique au Congr\u00e8s Mondial de Dermatologie et fournit une mise \u00e0 jour du programme de d\u00e9veloppement clinique du Thykamine\u2122","datePublished":"2023-05-16T13:00:58+00:00","dateModified":"2026-04-29T22:23:11+00:00","mainEntityOfPage":{"@id":"https:\/\/groupedevonian.com\/fr\/groupe-sante-devonian-annonce-la-presentation-des-resultats-defficacite-du-thykamine-en-dermatite-atopique-au-congres-mondial-de-dermatologie-et-fournit-une-mise-a-jour-du-programme\/"},"wordCount":1221,"publisher":{"@id":"https:\/\/groupedevonian.com\/fr\/#organization"},"articleSection":["2023","Archives","Communiqu\u00e9s de presse"],"inLanguage":"fr-FR"},{"@type":"WebPage","@id":"https:\/\/groupedevonian.com\/fr\/groupe-sante-devonian-annonce-la-presentation-des-resultats-defficacite-du-thykamine-en-dermatite-atopique-au-congres-mondial-de-dermatologie-et-fournit-une-mise-a-jour-du-programme\/","url":"https:\/\/groupedevonian.com\/fr\/groupe-sante-devonian-annonce-la-presentation-des-resultats-defficacite-du-thykamine-en-dermatite-atopique-au-congres-mondial-de-dermatologie-et-fournit-une-mise-a-jour-du-programme\/","name":"Groupe Sant\u00e9 Devonian annonce la pr\u00e9sentation des r\u00e9sultats d\u2019efficacit\u00e9 du Thykamine\u2122 en Dermatite Atopique au Congr\u00e8s Mondial de Dermatologie et fournit une mise \u00e0 jour du programme de d\u00e9veloppement clinique du Thykamine\u2122 - DEVONIAN HEALTH GROUP INC.","isPartOf":{"@id":"https:\/\/groupedevonian.com\/fr\/#website"},"datePublished":"2023-05-16T13:00:58+00:00","dateModified":"2026-04-29T22:23:11+00:00","breadcrumb":{"@id":"https:\/\/groupedevonian.com\/fr\/groupe-sante-devonian-annonce-la-presentation-des-resultats-defficacite-du-thykamine-en-dermatite-atopique-au-congres-mondial-de-dermatologie-et-fournit-une-mise-a-jour-du-programme\/#breadcrumb"},"inLanguage":"fr-FR","potentialAction":[{"@type":"ReadAction","target":["https:\/\/groupedevonian.com\/fr\/groupe-sante-devonian-annonce-la-presentation-des-resultats-defficacite-du-thykamine-en-dermatite-atopique-au-congres-mondial-de-dermatologie-et-fournit-une-mise-a-jour-du-programme\/"]}]},{"@type":"BreadcrumbList","@id":"https:\/\/groupedevonian.com\/fr\/groupe-sante-devonian-annonce-la-presentation-des-resultats-defficacite-du-thykamine-en-dermatite-atopique-au-congres-mondial-de-dermatologie-et-fournit-une-mise-a-jour-du-programme\/#breadcrumb","itemListElement":[{"@type":"ListItem","position":1,"name":"Home","item":"https:\/\/groupedevonian.com\/fr\/"},{"@type":"ListItem","position":2,"name":"Groupe Sant\u00e9 Devonian annonce la pr\u00e9sentation des r\u00e9sultats d\u2019efficacit\u00e9 du Thykamine\u2122 en Dermatite Atopique au Congr\u00e8s Mondial de Dermatologie et fournit une mise \u00e0 jour du programme de d\u00e9veloppement clinique du Thykamine\u2122"}]},{"@type":"WebSite","@id":"https:\/\/groupedevonian.com\/fr\/#website","url":"https:\/\/groupedevonian.com\/fr\/","name":"DEVONIAN HEALTH GROUP INC.","description":"Botanical pharmaceutical corporation","publisher":{"@id":"https:\/\/groupedevonian.com\/fr\/#organization"},"potentialAction":[{"@type":"SearchAction","target":{"@type":"EntryPoint","urlTemplate":"https:\/\/groupedevonian.com\/fr\/?s={search_term_string}"},"query-input":{"@type":"PropertyValueSpecification","valueRequired":true,"valueName":"search_term_string"}}],"inLanguage":"fr-FR"},{"@type":"Organization","@id":"https:\/\/groupedevonian.com\/fr\/#organization","name":"Groupe Sant\u00e9 Devonian inc.","alternateName":"Groupe Sant\u00e9 Devonian inc.","url":"https:\/\/groupedevonian.com\/fr\/","logo":{"@type":"ImageObject","inLanguage":"fr-FR","@id":"https:\/\/groupedevonian.com\/fr\/#\/schema\/logo\/image\/","url":"https:\/\/groupedevonian.com\/wp-content\/uploads\/2022\/05\/logo-devonian-2x.png","contentUrl":"https:\/\/groupedevonian.com\/wp-content\/uploads\/2022\/05\/logo-devonian-2x.png","width":309,"height":183,"caption":"Groupe Sant\u00e9 Devonian inc."},"image":{"@id":"https:\/\/groupedevonian.com\/fr\/#\/schema\/logo\/image\/"}},{"@type":"Person","@id":"https:\/\/groupedevonian.com\/fr\/#\/schema\/person\/ff9b4cc2d46ac4fb34e4f4641825f159","name":"acxdev","image":{"@type":"ImageObject","inLanguage":"fr-FR","@id":"https:\/\/secure.gravatar.com\/avatar\/c219016bab8405cb8b5caa8f18b852d553cf083471d4e9dd4a71c4d518cc3a1c?s=96&d=mm&r=g","url":"https:\/\/secure.gravatar.com\/avatar\/c219016bab8405cb8b5caa8f18b852d553cf083471d4e9dd4a71c4d518cc3a1c?s=96&d=mm&r=g","contentUrl":"https:\/\/secure.gravatar.com\/avatar\/c219016bab8405cb8b5caa8f18b852d553cf083471d4e9dd4a71c4d518cc3a1c?s=96&d=mm&r=g","caption":"acxdev"}}]}},"_links":{"self":[{"href":"https:\/\/groupedevonian.com\/fr\/wp-json\/wp\/v2\/posts\/7576","targetHints":{"allow":["GET"]}}],"collection":[{"href":"https:\/\/groupedevonian.com\/fr\/wp-json\/wp\/v2\/posts"}],"about":[{"href":"https:\/\/groupedevonian.com\/fr\/wp-json\/wp\/v2\/types\/post"}],"author":[{"embeddable":true,"href":"https:\/\/groupedevonian.com\/fr\/wp-json\/wp\/v2\/users\/5"}],"replies":[{"embeddable":true,"href":"https:\/\/groupedevonian.com\/fr\/wp-json\/wp\/v2\/comments?post=7576"}],"version-history":[{"count":2,"href":"https:\/\/groupedevonian.com\/fr\/wp-json\/wp\/v2\/posts\/7576\/revisions"}],"predecessor-version":[{"id":13385,"href":"https:\/\/groupedevonian.com\/fr\/wp-json\/wp\/v2\/posts\/7576\/revisions\/13385"}],"wp:attachment":[{"href":"https:\/\/groupedevonian.com\/fr\/wp-json\/wp\/v2\/media?parent=7576"}],"wp:term":[{"taxonomy":"category","embeddable":true,"href":"https:\/\/groupedevonian.com\/fr\/wp-json\/wp\/v2\/categories?post=7576"},{"taxonomy":"post_tag","embeddable":true,"href":"https:\/\/groupedevonian.com\/fr\/wp-json\/wp\/v2\/tags?post=7576"}],"curies":[{"name":"wp","href":"https:\/\/api.w.org\/{rel}","templated":true}]}}